


{"id":1778,"date":"2016-06-06T16:00:47","date_gmt":"2016-06-06T14:00:47","guid":{"rendered":"https:\/\/www.alayreespanol.com\/en\/handels-memories.html"},"modified":"2019-11-22T13:08:20","modified_gmt":"2019-11-22T12:08:20","slug":"handels-memories","status":"publish","type":"post","link":"https:\/\/www.alayreespanol.com\/en\/handels-memories.html","title":{"rendered":"Handel&#8217;s Memories"},"content":{"rendered":"[mk_page_section bg_position=&#8221;center top&#8221; bg_repeat=&#8221;no-repeat&#8221; bg_stretch=&#8221;true&#8221; enable_3d=&#8221;true&#8221; speed_factor=&#8221;0.6&#8243; video_loop=&#8221;false&#8221; min_height=&#8221;500&#8243; padding_top=&#8221;0&#8243; padding_bottom=&#8221;0&#8243; top_shape_color=&#8221;#ffffff&#8221; bottom_shape_color=&#8221;#ffffff&#8221; sidebar=&#8221;sidebar-1&#8243;][vc_column width=&#8221;1\/3&#8243;][mk_image src=&#8221;https:\/\/www.alayreespanol.com\/wp-content\/uploads\/2016\/05\/alayre-cd-handel-memories.jpg&#8221; image_width=&#8221;350&#8243; animation=&#8221;bottom-to-top&#8221; crop=&#8221;false&#8221;][mk_audio mp3_file=&#8221;https:\/\/www.alayreespanol.com\/wp-content\/uploads\/2016\/09\/Handel-Memories-Grand-concertos-op-6.mp3&#8243; thumb=&#8221;https:\/\/www.alayreespanol.com\/wp-content\/uploads\/2015\/11\/alayre-cd-handel-op6.jpg&#8221; audio_author=&#8221;Handel&#8217;s Memories&#8221; player_background=&#8221;#3a3935&#8243;][\/vc_column][vc_column width=&#8221;2\/3&#8243;][mk_fancy_title tag_name=&#8221;h5&#8243; color=&#8221;#3d404c&#8221; size=&#8221;40&#8243; font_weight=&#8221;300&#8243; font_family=&#8221;none&#8221; animation=&#8221;bottom-to-top&#8221;]HANDEL\u00b4S \u00a0MEMORIES<\/p>\n<p>A SELECTION FROM GRAND CONCERTOS OP. 6[\/mk_fancy_title][vc_column_text]<strong>Georg Friedrich H\u00e4ndel (1685-1759) <\/strong><br \/>\n<strong>~ Al Ayre Espa\u00f1ol ~<\/strong><br \/>\n<strong>Eduardo L\u00f3pez Banzo<\/strong><\/p>\n<p>Challenge Classics, 2012<br \/>\n(1 CD CC 72548)<\/p>\n<p>Recorded from November 5 to 11, 2011 in the Auditorio de San Lorenzo de El Escorial (Madrid)<br \/>\nCD Sponsored by <a href=\"http:\/\/www.aragon.es\/\">Gobierno de Arag\u00f3n<\/a>, <a href=\"http:\/\/www.telefonica.com\/es\/home\/jsp\/home.jsp\">Telef\u00f3nica S.A. <\/a>and <a href=\"http:\/\/www.iqe.es\/\">Industrias Qu\u00edmicas del Ebro<\/a><\/p>\n<p><a href=\"https:\/\/www.challengerecords.com\/products\/1330004425\" target=\"_blank\" rel=\"noopener\">Buy CD<\/a>[\/vc_column_text][\/vc_column][\/mk_page_section]\n","protected":false},"excerpt":{"rendered":"<p>[mk_page_section bg_position=&#8221;center top&#8221; bg_repeat=&#8221;no-repeat&#8221; bg_stretch=&#8221;true&#8221; enable_3d=&#8221;true&#8221; speed_factor=&#8221;0.6&#8243; video_loop=&#8221;false&#8221; min_height=&#8221;500&#8243; padding_top=&#8221;0&#8243; padding_bottom=&#8221;0&#8243; top_shape_color=&#8221;#ffffff&#8221; bottom_shape_color=&#8221;#ffffff&#8221; sidebar=&#8221;sidebar-1&#8243;][vc_column width=&#8221;1\/3&#8243;][mk_image src=&#8221;https:\/\/www.alayreespanol.com\/wp-content\/uploads\/2016\/05\/alayre-cd-handel-memories.jpg&#8221; image_width=&#8221;350&#8243; animation=&#8221;bottom-to-top&#8221; crop=&#8221;false&#8221;][mk_audio mp3_file=&#8221;https:\/\/www.alayreespanol.com\/wp-content\/uploads\/2016\/09\/Handel-Memories-Grand-concertos-op-6.mp3&#8243; thumb=&#8221;https:\/\/www.alayreespanol.com\/wp-content\/uploads\/2015\/11\/alayre-cd-handel-op6.jpg&#8221; audio_author=&#8221;Handel&#8217;s Memories&#8221; player_background=&#8221;#3a3935&#8243;][\/vc_column][vc_column width=&#8221;2\/3&#8243;][mk_fancy_title tag_name=&#8221;h5&#8243; color=&#8221;#3d404c&#8221; size=&#8221;40&#8243; font_weight=&#8221;300&#8243; font_family=&#8221;none&#8221; animation=&#8221;bottom-to-top&#8221;]HANDEL\u00b4S \u00a0MEMORIES A SELECTION FROM GRAND CONCERTOS OP. 6[\/mk_fancy_title][vc_column_text]Georg Friedrich H\u00e4ndel (1685-1759) ~ Al Ayre Espa\u00f1ol ~ Eduardo L\u00f3pez Banzo Challenge Classics, 2012 (1 CD [&hellip;]<\/p>\n","protected":false},"author":1,"featured_media":1324,"comment_status":"closed","ping_status":"closed","sticky":false,"template":"","format":"standard","meta":{"_acf_changed":false,"footnotes":""},"categories":[89],"tags":[92],"class_list":["post-1778","post","type-post","status-publish","format-standard","has-post-thumbnail","hentry","category-discography","tag-georg-friedrich-handel-en"],"acf":[],"_links":{"self":[{"href":"https:\/\/www.alayreespanol.com\/en\/wp-json\/wp\/v2\/posts\/1778","targetHints":{"allow":["GET"]}}],"collection":[{"href":"https:\/\/www.alayreespanol.com\/en\/wp-json\/wp\/v2\/posts"}],"about":[{"href":"https:\/\/www.alayreespanol.com\/en\/wp-json\/wp\/v2\/types\/post"}],"author":[{"embeddable":true,"href":"https:\/\/www.alayreespanol.com\/en\/wp-json\/wp\/v2\/users\/1"}],"replies":[{"embeddable":true,"href":"https:\/\/www.alayreespanol.com\/en\/wp-json\/wp\/v2\/comments?post=1778"}],"version-history":[{"count":0,"href":"https:\/\/www.alayreespanol.com\/en\/wp-json\/wp\/v2\/posts\/1778\/revisions"}],"wp:featuredmedia":[{"embeddable":true,"href":"https:\/\/www.alayreespanol.com\/en\/wp-json\/wp\/v2\/media\/1324"}],"wp:attachment":[{"href":"https:\/\/www.alayreespanol.com\/en\/wp-json\/wp\/v2\/media?parent=1778"}],"wp:term":[{"taxonomy":"category","embeddable":true,"href":"https:\/\/www.alayreespanol.com\/en\/wp-json\/wp\/v2\/categories?post=1778"},{"taxonomy":"post_tag","embeddable":true,"href":"https:\/\/www.alayreespanol.com\/en\/wp-json\/wp\/v2\/tags?post=1778"}],"curies":[{"name":"wp","href":"https:\/\/api.w.org\/{rel}","templated":true}]}}